{"id":9525,"__str__":"REQUERIMENTO n\u00ba 19 de 2023","link_detail_backend":"/materia/9525","metadata":{},"numero":19,"ano":2023,"numero_protocolo":421,"data_apresentacao":"2023-02-28","tipo_apresentacao":"","data_publicacao":null,"numero_origem_externa":"","ano_origem_externa":null,"data_origem_externa":null,"apelido":"","dias_prazo":null,"data_fim_prazo":null,"em_tramitacao":true,"polemica":false,"objeto":"","complementar":false,"ementa":"REQUER A MESA NA FORMA REGIMENTAL JUSTIFICAR MINHA AUS\u00caNCIA NA SESS\u00c3O DO DIA 28 DE FEVEREIRO DE 2023, PARA A REALIZA\u00c7\u00c3O DE ATIVIDADES EXTERNAS RELATIVAS AO MEU MANDATO PARLAMENTAR.","indexacao":"","observacao":"","resultado":"","texto_original":"http://sapl.al.al.leg.br/media/sapl/public/materialegislativa/2023/9525/protocolo_20230228_111120.pdf","data_ultima_atualizacao":"2023-02-28T11:12:27.672706-03:00","ip":"186.235.158.21","ultima_edicao":"2023-02-28T11:12:00.134855-03:00","tipo":3,"regime_tramitacao":1,"tipo_origem_externa":null,"local_origem_externa":null,"user":135,"anexadas":[],"autores":[27]}