{"id":9524,"__str__":"REQUERIMENTO n\u00ba 18 de 2023","link_detail_backend":"/materia/9524","metadata":{},"numero":18,"ano":2023,"numero_protocolo":420,"data_apresentacao":"2023-02-28","tipo_apresentacao":"","data_publicacao":null,"numero_origem_externa":"","ano_origem_externa":null,"data_origem_externa":null,"apelido":"","dias_prazo":null,"data_fim_prazo":null,"em_tramitacao":true,"polemica":false,"objeto":"","complementar":false,"ementa":"REQUER  A MESA NA FORMA REGIMENTAL JUSTIFICAR MINHA AUS\u00caNCIA NA SESS\u00c3O PLEN\u00c1RIA DO DIA 23 DE FEVEREIRO DE 2023, EM VIRTUDE DE REALIZA\u00c7\u00d5ES DE ATIVIDADES EXTERNAS AO MANDATO PARLAMENTAR.","indexacao":"","observacao":"","resultado":"","texto_original":"http://sapl.al.al.leg.br/media/sapl/public/materialegislativa/2023/9524/protocolo_20230228_104556.pdf","data_ultima_atualizacao":"2023-02-28T10:47:06.468251-03:00","ip":"186.235.158.21","ultima_edicao":"2023-02-28T10:46:29.760971-03:00","tipo":3,"regime_tramitacao":1,"tipo_origem_externa":null,"local_origem_externa":null,"user":135,"anexadas":[],"autores":[27]}