{"id":7301,"__str__":"REQUERIMENTO n\u00ba 776 de 2021","link_detail_backend":"/materia/7301","metadata":{},"numero":776,"ano":2021,"numero_protocolo":953,"data_apresentacao":"2021-06-16","tipo_apresentacao":"","data_publicacao":null,"numero_origem_externa":"","ano_origem_externa":null,"data_origem_externa":null,"apelido":"","dias_prazo":null,"data_fim_prazo":null,"em_tramitacao":false,"polemica":false,"objeto":"","complementar":false,"ementa":"REQUER A MESA NA FORMA REGIMENTAL, A REALIZA\u00c7\u00c3O DE CONVOCA\u00c7\u00c3O DO SR. JOS\u00c9 CARLOS GOMES, SUPERINTENDENTE DE PLANEJAMENTO, OR\u00c7AMENTO, FINAN\u00c7AS E CONTABILIDADE DO GABINETE DO VICE-GOVERNADOR, COM A FINALIDADE DE PRESTA\u00c7\u00c3O DE ESCLARECIMENTOS SOBRE AS ATUAIS ATIVIDADES DO \u00d3RG\u00c3O.","indexacao":"","observacao":"","resultado":"","texto_original":"http://sapl.al.al.leg.br/media/sapl/public/materialegislativa/2021/7301/protocolo_20210616_111943.pdf","data_ultima_atualizacao":"2021-08-17T11:07:47.190633-03:00","ip":"186.208.78.138","ultima_edicao":"2021-06-16T11:20:01.537709-03:00","tipo":3,"regime_tramitacao":1,"tipo_origem_externa":null,"local_origem_externa":null,"user":133,"anexadas":[],"autores":[72]}