{"id":6866,"__str__":"INDICA\u00c7\u00c3O n\u00ba 825 de 2021","link_detail_backend":"/materia/6866","metadata":{},"numero":825,"ano":2021,"numero_protocolo":230,"data_apresentacao":"2021-03-02","tipo_apresentacao":"","data_publicacao":null,"numero_origem_externa":"","ano_origem_externa":null,"data_origem_externa":null,"apelido":"","dias_prazo":null,"data_fim_prazo":null,"em_tramitacao":true,"polemica":false,"objeto":"","complementar":false,"ementa":"APELO AO EXMO. SR. GOVERNADOR  RENAN FILHO,  E AO ILUSTR\u00cdSSIMO SR. SECRET\u00c1RIO DE ESTADO DE EDUCA\u00c7\u00c3O, F\u00c1BIO GUEDES, PARA QUE  ESTUDEM A POSSIBILIDADE DE RETORNAR A MINIISTRAREM CURSOS T\u00c9CNICOS PARA OS SERVIDORES ADMINSTRATIVOS DA EDUCA\u00c7\u00c3O (PR\u00d3-FUNCION\u00c1RIO) POR MEIO DA UNEAL OU IFAL.","indexacao":"","observacao":"","resultado":"","texto_original":"http://sapl.al.al.leg.br/media/sapl/public/materialegislativa/2021/6866/protocolo_20210302_112407.pdf","data_ultima_atualizacao":"2021-03-02T11:28:14.632772-03:00","ip":"186.208.78.138","ultima_edicao":"2021-03-02T11:27:48.345886-03:00","tipo":8,"regime_tramitacao":1,"tipo_origem_externa":null,"local_origem_externa":null,"user":133,"anexadas":[],"autores":[70]}