{"id":6803,"__str__":"INDICA\u00c7\u00c3O n\u00ba 798 de 2021","link_detail_backend":"/materia/6803","metadata":{},"numero":798,"ano":2021,"numero_protocolo":41,"data_apresentacao":"2021-01-19","tipo_apresentacao":"","data_publicacao":null,"numero_origem_externa":"","ano_origem_externa":null,"data_origem_externa":null,"apelido":"","dias_prazo":null,"data_fim_prazo":null,"em_tramitacao":true,"polemica":false,"objeto":"","complementar":false,"ementa":"APELO AO SXMO. SR. GOVERNADOR DO ESTADO PARA QUE SEJAM ENVIADOS ESFOR\u00c7OS A FIM DE INCLUIR OS TRABALHADORES DA EDUCA\u00c7\u00c3O DA REDE P\u00daBLICA E PRIVADA NA PRIMEIRA FASE DA VACINA\u00c7\u00c3O.","indexacao":"","observacao":"","resultado":"","texto_original":"http://sapl.al.al.leg.br/media/sapl/public/materialegislativa/2021/6803/protocolo_20210119_100607.pdf","data_ultima_atualizacao":"2021-01-21T12:20:31.624403-03:00","ip":"186.208.78.138","ultima_edicao":"2021-01-21T12:20:31.509210-03:00","tipo":8,"regime_tramitacao":1,"tipo_origem_externa":null,"local_origem_externa":null,"user":133,"anexadas":[],"autores":[2]}