{"id":5383,"__str__":"PROJETO DE LEI ORDIN\u00c1RIA n\u00ba 170 de 2019","link_detail_backend":"/materia/5383","metadata":{},"numero":170,"ano":2019,"numero_protocolo":2221,"data_apresentacao":"2019-09-18","tipo_apresentacao":"","data_publicacao":null,"numero_origem_externa":"","ano_origem_externa":null,"data_origem_externa":null,"apelido":"","dias_prazo":null,"data_fim_prazo":null,"em_tramitacao":false,"polemica":null,"objeto":"","complementar":null,"ementa":"MENSAGEM N\u00ba 37/2019 REFERENTE AO PROJETO DE LEI QUE DISP\u00d5E SOBRE O PLANO PLURIANUAL PAR AO  PER\u00cdODO DE 2020-2023, NOS TERMOS DO ART. 176, \u00a7 1\u00ba DA CONSTITUI\u00c7\u00c3O ESTADUAL, E D\u00c1 OUTRAS PROVID\u00caNCIAS.","indexacao":"PLANO, PLURIANUAL, 2020-2023.","observacao":"MAT\u00c9RIA SANCIONADA COM VETO PARCIAL PELA LEI N\u00ba 8.231 DE 08/01/2020, PUBLICADA NO DOE DE 09/01/2020.\r\nOBS: MANTIDO O VETO PARCIAL PELO PLEN\u00c1RIO DA ASSEMBLEIA EM 19/03/2020.","resultado":"","texto_original":"http://sapl.al.al.leg.br/media/sapl/public/materialegislativa/2019/5383/protocolo_20190923_085354.pdf","data_ultima_atualizacao":"2020-07-15T13:48:21.926416-03:00","ip":"186.208.78.138","ultima_edicao":"2020-07-15T13:48:21.582402-03:00","tipo":1,"regime_tramitacao":1,"tipo_origem_externa":null,"local_origem_externa":null,"user":124,"anexadas":[],"autores":[40]}