{"id":4457,"__str__":"INDICA\u00c7\u00c3O n\u00ba 3 de 2019","link_detail_backend":"/materia/4457","metadata":{},"numero":3,"ano":2019,"numero_protocolo":215,"data_apresentacao":"2019-02-15","tipo_apresentacao":"E","data_publicacao":null,"numero_origem_externa":"","ano_origem_externa":null,"data_origem_externa":null,"apelido":"","dias_prazo":null,"data_fim_prazo":null,"em_tramitacao":false,"polemica":null,"objeto":"","complementar":null,"ementa":"APELO AO EXCELENT\u00cdSSIMO SENHOR GOVERNADOR DO ESTADO , COM C\u00d3PIA PARA A SECRET\u00c1RIA DE ESTADO DE ASSIST\u00caNCIA E DESENVOLVIMENTO SOCIAL COM A FINALIDADE DE QUE SEJA RETOMADO O PROGRAMA ESTADUAL DE COMPLEMENTA\u00c7\u00c3O ALIMENTAR PARA GESTANTES, NUTRIZES E CRIAN\u00c7AS EM SITUA\u00c7\u00c3O DE VULNERABILIDADE SOCIAL E INSEGURAN\u00c7A ALIMENTAR E NUTRICIONAL.","indexacao":"","observacao":"","resultado":"","texto_original":"http://sapl.al.al.leg.br/media/sapl/public/materialegislativa/2019/4457/protocolo_20190215_091233.pdf","data_ultima_atualizacao":"2019-03-13T17:32:23.761726-03:00","ip":"","ultima_edicao":null,"tipo":8,"regime_tramitacao":1,"tipo_origem_externa":null,"local_origem_externa":null,"user":null,"anexadas":[],"autores":[51]}