{"id":14599,"__str__":"INDICA\u00c7\u00c3O n\u00ba 1922 de 2025","link_detail_backend":"/materia/14599","metadata":{},"numero":1922,"ano":2025,"numero_protocolo":2048,"data_apresentacao":"2025-08-28","tipo_apresentacao":"","data_publicacao":null,"numero_origem_externa":"","ano_origem_externa":null,"data_origem_externa":null,"apelido":"","dias_prazo":null,"data_fim_prazo":null,"em_tramitacao":true,"polemica":false,"objeto":"","complementar":false,"ementa":"APELO AO SENHOR GOVERNADOR DO ESTADO DE ALAGOAS, AO SENHOR SECRET\u00c1RIO DE ESTADO DA SA\u00daDE E \u00c0 REITORIA DA UNIVERSIDADE ESTADUAL DE CI\u00caNCIAS DA SA\u00daDE DE ALAGOAS-UNCISAL, PARA QUE SEJAM INCLU\u00cdDOS, NO CONTE\u00daDO PROGRAM\u00c1TICO DE SEUS CURSOS, TEMAS RELACIONADOS AO ATENDIMENTO DA PESSOA COM TRANSTORNO DO ESPECTRO AUTISTA (TEA) NOS ESTABELECIMENTOS DE SA\u00daDE DA REDE P\u00daBLICA.","indexacao":"","observacao":"","resultado":"","texto_original":"http://sapl.al.al.leg.br/media/sapl/public/materialegislativa/2025/14599/protocolo_3138.pdf","data_ultima_atualizacao":"2025-08-28T12:16:25.789207-03:00","ip":"186.235.158.21","ultima_edicao":"2025-08-28T12:16:03.923104-03:00","tipo":8,"regime_tramitacao":1,"tipo_origem_externa":null,"local_origem_externa":null,"user":180,"anexadas":[],"autores":[71]}