{"id":13613,"__str__":"INDICA\u00c7\u00c3O n\u00ba 1730 de 2024","link_detail_backend":"/materia/13613","metadata":{},"numero":1730,"ano":2024,"numero_protocolo":3605,"data_apresentacao":"2024-12-18","tipo_apresentacao":"","data_publicacao":null,"numero_origem_externa":"","ano_origem_externa":null,"data_origem_externa":null,"apelido":"","dias_prazo":null,"data_fim_prazo":null,"em_tramitacao":true,"polemica":false,"objeto":"","complementar":false,"ementa":"APELO AO EXMO. SR. GOVERNADOR DO ESTADO DE ALAGOAS E \u00c1 SECRETARIA DE ESTADO DA EDUCA\u00c7\u00c3O (SEDUC) PARA PROMOVAM A REALIZA\u00c7\u00c3O DE AULAS DE FOTOGRAFIA E AUDIOVISUAL NAS ESCOLAS P\u00daBLICAS DO ESTADO  DE ALAGOAS, ESPECIALMENTE NA 5\u00aa GER\u00caNCIA  REGIONAL DE ALAGOAS (GERE), COM O OBJETIVO DE INTRODUZIR OS ALUNOS AO MUNDO DA FOTOGRAFIA  E PRODU\u00c7\u00c3O AUDIOVISUAL.","indexacao":"","observacao":"","resultado":"","texto_original":"http://sapl.al.al.leg.br/media/sapl/public/materialegislativa/2024/13613/protocolo_2048.pdf","data_ultima_atualizacao":"2024-12-18T14:23:08.779045-03:00","ip":"186.235.158.21","ultima_edicao":"2024-12-18T14:22:50.861289-03:00","tipo":8,"regime_tramitacao":1,"tipo_origem_externa":null,"local_origem_externa":null,"user":132,"anexadas":[],"autores":[118]}