{"id":11496,"__str__":"REQUERIMENTO n\u00ba 479 de 2024","link_detail_backend":"/materia/11496","metadata":{},"numero":479,"ano":2024,"numero_protocolo":132,"data_apresentacao":"2024-01-30","tipo_apresentacao":"","data_publicacao":null,"numero_origem_externa":"","ano_origem_externa":null,"data_origem_externa":null,"apelido":"","dias_prazo":null,"data_fim_prazo":null,"em_tramitacao":true,"polemica":false,"objeto":"","complementar":false,"ementa":"REQUER  A MESA NA FORMA REGIMENTAL, A MARCA\u00c7\u00c3O DE UMA SESS\u00c3O P\u00daBLICA PARA DISCUTIR SOBRE \"SETEMBRO AMARELO: INICIATIVA DE PREVEN\u00c7\u00c3O AO SUIC\u00cdDIO\".","indexacao":"","observacao":"","resultado":"","texto_original":"http://sapl.al.al.leg.br/media/sapl/public/materialegislativa/2024/11496/protocolo_20240130_173603.pdf","data_ultima_atualizacao":"2024-01-30T17:51:45.860214-03:00","ip":"186.235.158.21","ultima_edicao":"2024-01-30T17:51:44.939895-03:00","tipo":3,"regime_tramitacao":1,"tipo_origem_externa":null,"local_origem_externa":null,"user":132,"anexadas":[],"autores":[118]}