{"id":1192,"__str__":"Parecer - Parecer do VETO TOTAL de 21/03/2018 por 2\u00aa Comiss\u00e3o","link_detail_backend":"/materia/documentoacessorio/1192","metadata":{},"nome":"Parecer do VETO TOTAL","data":"2018-03-21","autor":"2\u00aa Comiss\u00e3o","ementa":"POR N\u00c3O CONCORDARMOS COM OS ARGUMENTOS APRESENTADOS PELO CHEFE  DO PODER EXECUTIVO O NOSSO PARECER \u00c9 PELA REJEI\u00c7\u00c3O DO PRESENTE VETO, O QUAL SUBMETEMOS \u00c0 APRECIA\u00c7\u00c3O DOS NOSSOS PARES","indexacao":"","arquivo":"http://sapl.al.al.leg.br/media/sapl/public/documentoacessorio/2017/1192/1192.pdf","data_ultima_atualizacao":"2018-10-19T13:16:08.705944-03:00","materia":2211,"tipo":1}